{"id":363,"date":"2020-08-03T13:24:31","date_gmt":"2020-08-03T13:24:31","guid":{"rendered":"https:\/\/asv-feudenheim.de\/?p=363"},"modified":"2024-07-18T08:20:25","modified_gmt":"2024-07-18T08:20:25","slug":"fitness-sommerprogramm-2020","status":"publish","type":"post","link":"https:\/\/asv-feudenheim.de\/index.php\/2020\/08\/03\/fitness-sommerprogramm-2020\/","title":{"rendered":"Fitness-Sommerprogramm 2020"},"content":{"rendered":"\t\t<div data-elementor-type=\"wp-post\" data-elementor-id=\"363\" class=\"elementor elementor-363\">\n\t\t\t\t\t\t<section class=\"elementor-section elementor-top-section elementor-element elementor-element-af28313 elementor-section-boxed elementor-section-height-default elementor-section-height-default\" data-id=\"af28313\" data-element_type=\"section\" data-e-type=\"section\">\n\t\t\t\t\t\t<div class=\"elementor-container elementor-column-gap-default\">\n\t\t\t\t\t<div class=\"elementor-column elementor-col-100 elementor-top-column elementor-element elementor-element-cedcdab\" data-id=\"cedcdab\" data-element_type=\"column\" data-e-type=\"column\">\n\t\t\t<div class=\"elementor-widget-wrap elementor-element-populated\">\n\t\t\t\t\t\t<div class=\"elementor-element elementor-element-46cad04 elementor-widget elementor-widget-heading\" data-id=\"46cad04\" data-element_type=\"widget\" data-e-type=\"widget\" data-widget_type=\"heading.default\">\n\t\t\t\t<div class=\"elementor-widget-container\">\n\t\t\t\t\t<h2 class=\"elementor-heading-title elementor-size-default\">Kostenlose Sommer-Ferien-Programm der Fitnessabteilung<\/h2>\t\t\t\t<\/div>\n\t\t\t\t<\/div>\n\t\t\t\t\t<\/div>\n\t\t<\/div>\n\t\t\t\t\t<\/div>\n\t\t<\/section>\n\t\t\t\t<section class=\"elementor-section elementor-top-section elementor-element elementor-element-39f07d7 elementor-section-boxed elementor-section-height-default elementor-section-height-default\" data-id=\"39f07d7\" data-element_type=\"section\" data-e-type=\"section\">\n\t\t\t\t\t\t<div class=\"elementor-container elementor-column-gap-default\">\n\t\t\t\t\t<div class=\"elementor-column elementor-col-100 elementor-top-column elementor-element elementor-element-0ecb884\" data-id=\"0ecb884\" data-element_type=\"column\" data-e-type=\"column\">\n\t\t\t<div class=\"elementor-widget-wrap elementor-element-populated\">\n\t\t\t\t\t\t<div class=\"elementor-element elementor-element-3ac1161 elementor-widget elementor-widget-text-editor\" data-id=\"3ac1161\" data-element_type=\"widget\" data-e-type=\"widget\" data-widget_type=\"text-editor.default\">\n\t\t\t\t<div class=\"elementor-widget-container\">\n\t\t\t\t\t\t\t\t\t<div>ASV Sommer Ferien Programm f\u00fcr ALLE auf unserem gro\u00dfen Gel\u00e4nde. Nat\u00fcrlich achten wir auf die Corona Regeln und Abst\u00e4nde. Die Teilnahme ist kostenlos.<\/div><div><strong>\u00a0<\/strong><\/div><p><span style=\"color: #0e0e0f;\">Das Training findet bei sch\u00f6nem Wetter im ASV Jugendstadion statt (zwischen Kunstrasenplatz und Parkplatz). Der Zugang erfolgt \u00fcber das Tor links neben der ASV-Halle. Bei schlechtem Wetter wird das Training in die ASV-Halle verlegt (max.12\/ 14 Teilnehmer!).<\/span><\/p><p><span style=\"font-size: 14px;\"><strong>ZUMBA mit Simone von 19.30 Uhr \u2013 21.00 an folgenden Terminen:<\/strong> 3.8. \/ 10.8.\/ 17.8. \/ <span style=\"color: #ff0000;\">24.8.<\/span> \/ 31.8.\/<br \/><\/span>Anmeldung an Simone: simiwittig@web.de<\/p><p>Die folgenden Angebote finden immer von 19.00 \u2013 20.00 Uhr statt.<\/p><p><strong>5.8. R\u00fccken+ mit Ilona<\/strong> ilona.kramm@asv-feudenheim.de\u00a0<\/p><p><strong>12.8. Body Work mit Annette<\/strong> annette.griesmann@web.de oder annette.griesmann@googlemail.com<\/p><p><strong>14.8. AMY`S PILATES nur <span style=\"color: #ff0000;\">ONLINE<\/span><\/strong> amyvpilates@gmail.com<\/p><p><strong>19.8. All Body Work Out mit Rebecca<\/strong> rebecca.moehl@web.de<\/p><p><strong>2.9. Muskel Power mit Ilona<\/strong> ilona.kramm@asv-feudenheim.de<\/p><p><strong>9.9. Beweglichkeit\/Gelenke mit Tomas<\/strong> tomas@westwoodtraining.eu<\/p><p><strong><span style=\"color: #ff0000;\">Wir sind verpflichtet die Teilnahme zu dokumentieren. Deshalb bitte wir um Voranmeldung an die jeweiligen Trainer\/innen per Mail. <\/span><\/strong><strong><span style=\"color: #ff0000;\">Wir bitten folgendes zu beachten:<\/span><\/strong><\/p><p>1. Zum Betreten und Verlassen der Sportanlage muss ein Mund\/Nasenschutz getragen werden.<br \/>2. In Sportbekleidung und Schuhen kommen. Es gibt keine M\u00f6glichkeit zum umziehen. Toiletten sind zug\u00e4nglich.<br \/>3. Bitte Desinfektionsmittel mitbringen<br \/>4. eigene Matte und eigenes Handtuch mitbringen<br \/>5. Eigenes Getr\u00e4nk mitbringen<\/p>\t\t\t\t\t\t\t\t<\/div>\n\t\t\t\t<\/div>\n\t\t\t\t\t<\/div>\n\t\t<\/div>\n\t\t\t\t\t<\/div>\n\t\t<\/section>\n\t\t\t\t<\/div>\n\t\t","protected":false},"excerpt":{"rendered":"<p>Kostenlose Sommer-Ferien-Programm der Fitnessabteilung ASV Sommer Ferien Programm f\u00fcr ALLE auf unserem gro\u00dfen Gel\u00e4nde. Nat\u00fcrlich achten wir auf die Corona Regeln und Abst\u00e4nde. Die Teilnahme ist kostenlos.\u00a0 Das Training findet bei sch\u00f6nem Wetter im ASV Jugendstadion statt (zwischen Kunstrasenplatz und Parkplatz). Der Zugang erfolgt \u00fcber das Tor links neben der ASV-Halle. Bei schlechtem Wetter wird [&hellip;]<\/p>\n","protected":false},"author":3,"featured_media":0,"comment_status":"closed","ping_status":"closed","sticky":false,"template":"","format":"standard","meta":{"ocean_post_layout":"","ocean_both_sidebars_style":"","ocean_both_sidebars_content_width":0,"ocean_both_sidebars_sidebars_width":0,"ocean_sidebar":"0","ocean_second_sidebar":"0","ocean_disable_margins":"enable","ocean_add_body_class":"","ocean_shortcode_before_top_bar":"","ocean_shortcode_after_top_bar":"","ocean_shortcode_before_header":"","ocean_shortcode_after_header":"","ocean_has_shortcode":"","ocean_shortcode_after_title":"","ocean_shortcode_before_footer_widgets":"","ocean_shortcode_after_footer_widgets":"","ocean_shortcode_before_footer_bottom":"","ocean_shortcode_after_footer_bottom":"","ocean_display_top_bar":"default","ocean_display_header":"default","ocean_header_style":"","ocean_center_header_left_menu":"0","ocean_custom_header_template":"0","ocean_custom_logo":0,"ocean_custom_retina_logo":0,"ocean_custom_logo_max_width":0,"ocean_custom_logo_tablet_max_width":0,"ocean_custom_logo_mobile_max_width":0,"ocean_custom_logo_max_height":0,"ocean_custom_logo_tablet_max_height":0,"ocean_custom_logo_mobile_max_height":0,"ocean_header_custom_menu":"0","ocean_menu_typo_font_family":"0","ocean_menu_typo_font_subset":"","ocean_menu_typo_font_size":0,"ocean_menu_typo_font_size_tablet":0,"ocean_menu_typo_font_size_mobile":0,"ocean_menu_typo_font_size_unit":"px","ocean_menu_typo_font_weight":"","ocean_menu_typo_font_weight_tablet":"","ocean_menu_typo_font_weight_mobile":"","ocean_menu_typo_transform":"","ocean_menu_typo_transform_tablet":"","ocean_menu_typo_transform_mobile":"","ocean_menu_typo_line_height":0,"ocean_menu_typo_line_height_tablet":0,"ocean_menu_typo_line_height_mobile":0,"ocean_menu_typo_line_height_unit":"","ocean_menu_typo_spacing":0,"ocean_menu_typo_spacing_tablet":0,"ocean_menu_typo_spacing_mobile":0,"ocean_menu_typo_spacing_unit":"","ocean_menu_link_color":"","ocean_menu_link_color_hover":"","ocean_menu_link_color_active":"","ocean_menu_link_background":"","ocean_menu_link_hover_background":"","ocean_menu_link_active_background":"","ocean_menu_social_links_bg":"","ocean_menu_social_hover_links_bg":"","ocean_menu_social_links_color":"","ocean_menu_social_hover_links_color":"","ocean_disable_title":"on","ocean_disable_heading":"default","ocean_post_title":"","ocean_post_subheading":"","ocean_post_title_style":"","ocean_post_title_background_color":"","ocean_post_title_background":0,"ocean_post_title_bg_image_position":"","ocean_post_title_bg_image_attachment":"","ocean_post_title_bg_image_repeat":"","ocean_post_title_bg_image_size":"","ocean_post_title_height":0,"ocean_post_title_bg_overlay":0.5,"ocean_post_title_bg_overlay_color":"","ocean_disable_breadcrumbs":"default","ocean_breadcrumbs_color":"","ocean_breadcrumbs_separator_color":"","ocean_breadcrumbs_links_color":"","ocean_breadcrumbs_links_hover_color":"","ocean_display_footer_widgets":"default","ocean_display_footer_bottom":"default","ocean_custom_footer_template":"0","_jetpack_memberships_contains_paid_content":false,"ocean_post_oembed":"","ocean_post_self_hosted_media":"","ocean_post_video_embed":"","ocean_link_format":"","ocean_link_format_target":"self","ocean_quote_format":"","ocean_quote_format_link":"post","ocean_gallery_link_images":"off","ocean_gallery_id":[],"footnotes":""},"categories":[6],"tags":[],"class_list":["post-363","post","type-post","status-publish","format-standard","hentry","category-fitness","entry"],"jetpack_featured_media_url":"","jetpack_sharing_enabled":true,"_links":{"self":[{"href":"https:\/\/asv-feudenheim.de\/index.php\/wp-json\/wp\/v2\/posts\/363","targetHints":{"allow":["GET"]}}],"collection":[{"href":"https:\/\/asv-feudenheim.de\/index.php\/wp-json\/wp\/v2\/posts"}],"about":[{"href":"https:\/\/asv-feudenheim.de\/index.php\/wp-json\/wp\/v2\/types\/post"}],"author":[{"embeddable":true,"href":"https:\/\/asv-feudenheim.de\/index.php\/wp-json\/wp\/v2\/users\/3"}],"replies":[{"embeddable":true,"href":"https:\/\/asv-feudenheim.de\/index.php\/wp-json\/wp\/v2\/comments?post=363"}],"version-history":[{"count":1,"href":"https:\/\/asv-feudenheim.de\/index.php\/wp-json\/wp\/v2\/posts\/363\/revisions"}],"predecessor-version":[{"id":2520,"href":"https:\/\/asv-feudenheim.de\/index.php\/wp-json\/wp\/v2\/posts\/363\/revisions\/2520"}],"wp:attachment":[{"href":"https:\/\/asv-feudenheim.de\/index.php\/wp-json\/wp\/v2\/media?parent=363"}],"wp:term":[{"taxonomy":"category","embeddable":true,"href":"https:\/\/asv-feudenheim.de\/index.php\/wp-json\/wp\/v2\/categories?post=363"},{"taxonomy":"post_tag","embeddable":true,"href":"https:\/\/asv-feudenheim.de\/index.php\/wp-json\/wp\/v2\/tags?post=363"}],"curies":[{"name":"wp","href":"https:\/\/api.w.org\/{rel}","templated":true}]}}